{"id":1020,"date":"2025-11-10T22:58:59","date_gmt":"2025-11-10T21:58:59","guid":{"rendered":"https:\/\/bertha-von-suttner-stiftung.de\/?p=1020"},"modified":"2025-11-10T22:59:29","modified_gmt":"2025-11-10T21:59:29","slug":"hinweis-warnung-bei-ueberweisungen","status":"publish","type":"post","link":"https:\/\/bertha-von-suttner-stiftung.de\/?p=1020","title":{"rendered":"Hinweis: Warnung bei \u00dcberweisungen"},"content":{"rendered":"\n<p>Wenn <strong>Sie der Bertha-von-Suttner-Stiftung <a href=\"https:\/\/bertha-von-suttner-stiftung.de\/?page_id=20\" data-type=\"page\" data-id=\"20\">Ihre Spende<\/a> zukommen <\/strong>lassen wollen, sollten Sie diesen <strong>Hinweis<\/strong> zur Kenntnis nehmen:<\/p>\n\n\n\n<p>Seit Oktober 2025 \u00fcberpr\u00fcfen die Banken (bzw. deren Online-Banking Angebote) automatisch die Entsprechung von IBAN und angegebenem Empf\u00e4nger. <strong>Bei Abweichung werden Sie gewarnt<\/strong>. <\/p>\n\n\n\n<p>Da die Bertha-von-Suttner-Stiftung<a href=\"https:\/\/bertha-von-suttner-stiftung.de\/?page_id=62\" data-type=\"page\" data-id=\"62\"> eine nicht eigenst\u00e4ndig rechtsf\u00e4hige Stiftung<\/a> ist, wird Ihnen unser Treuh\u00e4nder als &#8222;wahrer&#8220; Empf\u00e4nger angezeigt werden (Alois-Stoff-Bildungswerk der DFG-VK NRW).\u00a0<\/p>\n\n\n\n<p><span style=\"text-decoration: underline;\"><strong>Sie k\u00f6nnen diese Warnung akzeptieren und mit Ihrer \u00dcberweisung fortfahren<\/strong>.<\/span><\/p>\n\n\n\n<hr class=\"wp-block-separator has-alpha-channel-opacity\"\/>\n\n\n\n<p><strong><a href=\"https:\/\/bertha-von-suttner-stiftung.de\/?page_id=20\" data-type=\"page\" data-id=\"20\">Jetzt f\u00fcr die Bertha-von-Suttner-Stiftung spenden<\/a> &#8211; f\u00fcr die Umsetzung vieler guter Friedensprojekte auch in 2026!<\/strong><\/p>\n","protected":false},"excerpt":{"rendered":"<p>Seit Oktober 2025 \u00fcberpr\u00fcfen die Banken (bzw. deren Online-Banking Angebote) automatisch die Entsprechung von IBAN und angegebenem Empf\u00e4nger. Bei Abweichung werden Sie gewarnt.<br \/>\nDa die Bertha-von-Suttner-Stiftung eine nicht eigenst\u00e4ndig rechtsf\u00e4hige Stiftung ist, wird Ihnen unser Treuh\u00e4nder als &#8222;wahrer&#8220; Empf\u00e4nger angezeigt werden (Alois-Stoff-Bildungswerk der DFG-VK NRW).\u00a0<br \/>\nSie k\u00f6nnen diese Warnung akzeptieren und mit Ihrer \u00dcberweisung fortfahren.<\/p>\n","protected":false},"author":2,"featured_media":366,"comment_status":"closed","ping_status":"open","sticky":false,"template":"","format":"standard","meta":{"footnotes":""},"categories":[32],"tags":[],"class_list":["post-1020","post","type-post","status-publish","format-standard","has-post-thumbnail","hentry","category-aktuelles"],"_links":{"self":[{"href":"https:\/\/bertha-von-suttner-stiftung.de\/index.php?rest_route=\/wp\/v2\/posts\/1020","targetHints":{"allow":["GET"]}}],"collection":[{"href":"https:\/\/bertha-von-suttner-stiftung.de\/index.php?rest_route=\/wp\/v2\/posts"}],"about":[{"href":"https:\/\/bertha-von-suttner-stiftung.de\/index.php?rest_route=\/wp\/v2\/types\/post"}],"author":[{"embeddable":true,"href":"https:\/\/bertha-von-suttner-stiftung.de\/index.php?rest_route=\/wp\/v2\/users\/2"}],"replies":[{"embeddable":true,"href":"https:\/\/bertha-von-suttner-stiftung.de\/index.php?rest_route=%2Fwp%2Fv2%2Fcomments&post=1020"}],"version-history":[{"count":1,"href":"https:\/\/bertha-von-suttner-stiftung.de\/index.php?rest_route=\/wp\/v2\/posts\/1020\/revisions"}],"predecessor-version":[{"id":1021,"href":"https:\/\/bertha-von-suttner-stiftung.de\/index.php?rest_route=\/wp\/v2\/posts\/1020\/revisions\/1021"}],"wp:featuredmedia":[{"embeddable":true,"href":"https:\/\/bertha-von-suttner-stiftung.de\/index.php?rest_route=\/wp\/v2\/media\/366"}],"wp:attachment":[{"href":"https:\/\/bertha-von-suttner-stiftung.de\/index.php?rest_route=%2Fwp%2Fv2%2Fmedia&parent=1020"}],"wp:term":[{"taxonomy":"category","embeddable":true,"href":"https:\/\/bertha-von-suttner-stiftung.de\/index.php?rest_route=%2Fwp%2Fv2%2Fcategories&post=1020"},{"taxonomy":"post_tag","embeddable":true,"href":"https:\/\/bertha-von-suttner-stiftung.de\/index.php?rest_route=%2Fwp%2Fv2%2Ftags&post=1020"}],"curies":[{"name":"wp","href":"https:\/\/api.w.org\/{rel}","templated":true}]}}